{"id":20776,"date":"2024-10-08T12:09:28","date_gmt":"2024-10-08T10:09:28","guid":{"rendered":"https:\/\/blog.sound-service.eu\/?p=20776"},"modified":"2024-10-08T13:15:36","modified_gmt":"2024-10-08T11:15:36","slug":"focal-stellt-den-geschlossenen-studio-referenz-kopfhoerer-lensys-professional-vor","status":"publish","type":"post","link":"https:\/\/blog.sound-service.eu\/de\/focal-stellt-den-geschlossenen-studio-referenz-kopfhoerer-lensys-professional-vor\/","title":{"rendered":"Focal stellt den geschlossenen Studio-Referenz-Kopfh\u00f6rer Lensys Professional vor"},"content":{"rendered":"<p>Focal stellt ein neues Modell seiner Kopfh\u00f6rerserie f\u00fcr Produzenten, Toningenieure, Musiker und Komponisten vor: Lensys Professional.<\/p>\n<p>Der neue Kopfh\u00f6rer, der in den eigenen Werkst\u00e4tten der franz\u00f6sischen Audiomarke hergestellt wird, ist ein hochaufl\u00f6sendes Arbeitswerkzeug f\u00fcr den Einsatz im Studio oder f\u00fcr die Musikproduktion unterwegs.<br \/>\nDas geschlossene Design in Verbindung mit exklusiven Treibern und einer durchdachten Ergonomie machen diesen Kopfh\u00f6rer zu einem unverzichtbaren Werkzeug f\u00fcr die Arbeit an Ihrer Musik, egal wo Sie sich befinden. Die Ingenieure von Focal haben sich f\u00fcr einen elektrodynamischen 15\/8\u201c (40 mm) Aluminium\/Magnesium-Treiber mit M-f\u00f6rmiger Kalotte entschieden &#8211; eine exklusive Innovation, die eine unglaublich pr\u00e4zise Klangwiedergabe erm\u00f6glicht. Die Komponenten der Antriebseinheit sind zur Verbesserung der Stereowiedergabe in den H\u00f6rmuscheln angewinkelt, w\u00e4hrend die akustische Beladung so optimiert wurde, dass die Leistung \u00e4hnlich der eines Bassreflexlautsprechers ist, um eine Erweiterung des Bassbereichs zu erm\u00f6glichen.<span class=\"Apple-converted-space\">\u00a0<\/span><\/p>\n<p>Die Lensys Professional sind mit 306 g (10,8 oz) sehr leicht und verf\u00fcgen \u00fcber Ohrpolster aus Formged\u00e4chtnis-Schaumstoff, die f\u00fcr einen bequemen Sitz und eine hervorragende Abschirmung von Au\u00dfenger\u00e4uschen sorgen. Der ebenso flexible wie robuste Kopfb\u00fcgel ist mit einem atmungsaktiven Stoff \u00fcberzogen und folgt einer sanften Kurve, ideal f\u00fcr das Tragen \u00fcber dem Kopf. Beatmaker, Produzenten und Toningenieure werden von der Zuverl\u00e4ssigkeit dieses Kopfh\u00f6rers als unverzichtbares Arbeitsger\u00e4t beeindruckt sein. Auch f\u00fcr binaurale Audioanwendungen in einer dreidimensionalen Umgebung (z.B. Dolby Atmos\u00ae) wird er zum immersiven Begleiter. Durch die Verwendung hochwertiger und strapazierf\u00e4higer Materialien ist dieser Kopfh\u00f6rer daf\u00fcr ger\u00fcstet, Sie \u00fcberall hin zu begleiten. Der Focal Lensys wird ab Oktober 2024 erh\u00e4ltlich sein.<\/p>\n<p>Hier das Produktvideo anschauen: <a href=\"https:\/\/bit.ly\/485Abq4\">https:\/\/bit.ly\/485Abq4<\/a><\/p>\n<p>Produktmerkmale:<\/p>\n<ul>\n<li>Professioneller geschlossener Kopfh\u00f6rer<\/li>\n<li>Nat\u00fcrliche Klangbalance<\/li>\n<li>Exklusive &#8218;M&#8216;-f\u00f6rmige Al\/Mg-Treiber f\u00fcr erh\u00f6hte Steifigkeit: einzigartiges Focal Know-how<\/li>\n<li>Optimierte akustische Belastung der Lautsprechertreiber: Die Betriebsleistung entspricht der eines Bassreflex-Lautsprechers<\/li>\n<li>Hervorragende Pr\u00e4zision f\u00fcr geschlossene Kopfh\u00f6rer, mit gro\u00dfem Tiefbassbereich<\/li>\n<li>Leichte und ergonomische Memory-Foam-Ohrpolster, geeignet f\u00fcr langes Arbeiten<\/li>\n<li>Hohe Strapazierf\u00e4higkeit und hervorragende Schallisolierung: ideal f\u00fcr die Arbeit unterwegs<\/li>\n<\/ul>\n<p><a class=\"btn btn-default\" href=\"https:\/\/www.sound-service.eu\/de\/artikel\/10855\">ZUM PRODUKT<\/a><\/p>\n","protected":false},"excerpt":{"rendered":"<p>Focal stellt ein neues Modell seiner Kopfh\u00f6rerserie f\u00fcr Produzenten, Toningenieure, Musiker und Komponisten vor: Lensys Professional. Der neue Kopfh\u00f6rer, der [&hellip;]<\/p>\n","protected":false},"author":3,"featured_media":20769,"comment_status":"closed","ping_status":"open","sticky":false,"template":"","format":"standard","meta":[],"categories":[80],"tags":[],"_links":{"self":[{"href":"https:\/\/blog.sound-service.eu\/de\/wp-json\/wp\/v2\/posts\/20776"}],"collection":[{"href":"https:\/\/blog.sound-service.eu\/de\/wp-json\/wp\/v2\/posts"}],"about":[{"href":"https:\/\/blog.sound-service.eu\/de\/wp-json\/wp\/v2\/types\/post"}],"author":[{"embeddable":true,"href":"https:\/\/blog.sound-service.eu\/de\/wp-json\/wp\/v2\/users\/3"}],"replies":[{"embeddable":true,"href":"https:\/\/blog.sound-service.eu\/de\/wp-json\/wp\/v2\/comments?post=20776"}],"version-history":[{"count":4,"href":"https:\/\/blog.sound-service.eu\/de\/wp-json\/wp\/v2\/posts\/20776\/revisions"}],"predecessor-version":[{"id":20782,"href":"https:\/\/blog.sound-service.eu\/de\/wp-json\/wp\/v2\/posts\/20776\/revisions\/20782"}],"wp:featuredmedia":[{"embeddable":true,"href":"https:\/\/blog.sound-service.eu\/de\/wp-json\/wp\/v2\/media\/20769"}],"wp:attachment":[{"href":"https:\/\/blog.sound-service.eu\/de\/wp-json\/wp\/v2\/media?parent=20776"}],"wp:term":[{"taxonomy":"category","embeddable":true,"href":"https:\/\/blog.sound-service.eu\/de\/wp-json\/wp\/v2\/categories?post=20776"},{"taxonomy":"post_tag","embeddable":true,"href":"https:\/\/blog.sound-service.eu\/de\/wp-json\/wp\/v2\/tags?post=20776"}],"curies":[{"name":"wp","href":"https:\/\/api.w.org\/{rel}","templated":true}]}}