{"id":16298,"date":"2022-06-03T18:12:04","date_gmt":"2022-06-03T16:12:04","guid":{"rendered":"https:\/\/blog.sound-service.eu\/focal-stellt-st6-line-zur-namm-2022-vor-die-neue-solo6\/"},"modified":"2022-06-15T13:35:29","modified_gmt":"2022-06-15T11:35:29","slug":"focal-stellt-st6-line-zur-namm-2022-vor-die-neue-solo6","status":"publish","type":"post","link":"https:\/\/blog.sound-service.eu\/de\/focal-stellt-st6-line-zur-namm-2022-vor-die-neue-solo6\/","title":{"rendered":"Focal stellt ST6 Line zur NAMM 2022 vor Die neue Solo6"},"content":{"rendered":"<p>Focal hat heute die \u00fcberarbeiteten Versionen seiner legend\u00e4ren professionellen Studiomonitore Solo6 und Twin6 angek\u00fcndigt. Die neuen Versionen dieser renommierten Aktivmonitore, die beide urspr\u00fcnglich vor 15 Jahren auf den Markt kamen, bewahren Focals Erbe f\u00fcr exzellentes Design und Klangwiedergabe, bieten aber noch mehr klangliche Details und noch mehr Transparenz. Durch verbesserte Designs der Schallwandler, neue Verst\u00e4rker und ein strukturell verbessertes Geh\u00e4use haben die Focal-Ingenieure einen neuen H\u00f6hepunkt im Audiodesign erreicht. Die neuen Monitore setzen auch neue Ma\u00dfst\u00e4be, indem sie Innovationen von Focal\u00b4s preisgekr\u00f6nten Trio11 Be Monitoren \u00fcbernehmen, darunter den Focus Modus und vieles mehr. Der neue Solo6 verf\u00fcgt \u00fcber Befestigungspunkte f\u00fcr die Wand- und Deckenmontage in immersiven Systemen wie Dolby\u00ae Atmos und Sony 360RA\u00ae Setups.<span class=\"Apple-converted-space\">\u00a0<\/span><\/p>\n<p>Erg\u00e4nzend zu diesen beiden Monitoren hat Focal auch einen neuen, leistungsstarken Subwoofer Sub12&#8243; vorgestellt, der die Sub6- und Sub One-Subwoofer-Produktreihe erg\u00e4nzt. Der Focal Sub12 verf\u00fcgt \u00fcber einen neu entwickelten 13-Zoll-Tieft\u00f6ner mit einer 600-Watt-Endstufe, der die Technologie und die Funktionen des preisgekr\u00f6nten Flaggschiffs, der Trio11-Aktivmonitore, nutzt. Die komplette ST6-Linie wird im Juni 2022 ausgeliefert.<\/p>\n<p>FOCAL NAMM NEWS 2022 Video: <a href=\"https:\/\/bit.ly\/3GNxBHB\">https:\/\/bit.ly\/3GNxBHB<\/a><\/p>\n<p>Produktvideo: <a href=\"https:\/\/bit.ly\/3LWliti\">https:\/\/bit.ly\/3LWliti<\/a><\/p>\n<p><strong>Solo6 Hauptmerkmale:<\/strong><\/p>\n<ul>\n<li>Beryllium-Hocht\u00f6ner mit invertierter Membran: sehr geringe Richtwirkung, hervorragende Linearit\u00e4t und Dynamik<\/li>\n<li>Hocht\u00f6ner mit optimierter Schallwand: hervorragende Abstrahlkontrolle<\/li>\n<li>Focal W-Cone Sandwich-Membran: Klangneutralit\u00e4t, keine Verzerrungen<\/li>\n<li>Focus-Modus: zwei Monitore in einem; 2-Wege-Monitor und 1-Wege-Full-Range-Monitor (nur Tieft\u00f6ner)<\/li>\n<li>Gro\u00dfer Bassreflex\u00f6ffnung: keine Portger\u00e4usche oder Verzerrungen<\/li>\n<li>Eins\u00e4tze f\u00fcr die Wandbefestigung<\/li>\n<li>Automatisch abschaltbarer Stand-by-Modus<\/li>\n<li>Einstellungen: aktivierbar\/deaktivierbar, LF-Shelving, HF-Shelving, LPF @ 160Hz<\/li>\n<\/ul>\n<p><a class=\"btn btn-default\" href=\"https:\/\/www.sound-service.eu\/de\/artikel\/8517\">PRODUKT ANZEIGEN<\/a><\/p>\n","protected":false},"excerpt":{"rendered":"<p>Focal hat heute die \u00fcberarbeiteten Versionen seiner legend\u00e4ren professionellen Studiomonitore Solo6 und Twin6 angek\u00fcndigt. Die neuen Versionen dieser renommierten Aktivmonitore, [&hellip;]<\/p>\n","protected":false},"author":3,"featured_media":16275,"comment_status":"closed","ping_status":"open","sticky":false,"template":"","format":"standard","meta":[],"categories":[5,21],"tags":[],"_links":{"self":[{"href":"https:\/\/blog.sound-service.eu\/de\/wp-json\/wp\/v2\/posts\/16298"}],"collection":[{"href":"https:\/\/blog.sound-service.eu\/de\/wp-json\/wp\/v2\/posts"}],"about":[{"href":"https:\/\/blog.sound-service.eu\/de\/wp-json\/wp\/v2\/types\/post"}],"author":[{"embeddable":true,"href":"https:\/\/blog.sound-service.eu\/de\/wp-json\/wp\/v2\/users\/3"}],"replies":[{"embeddable":true,"href":"https:\/\/blog.sound-service.eu\/de\/wp-json\/wp\/v2\/comments?post=16298"}],"version-history":[{"count":1,"href":"https:\/\/blog.sound-service.eu\/de\/wp-json\/wp\/v2\/posts\/16298\/revisions"}],"predecessor-version":[{"id":16704,"href":"https:\/\/blog.sound-service.eu\/de\/wp-json\/wp\/v2\/posts\/16298\/revisions\/16704"}],"wp:featuredmedia":[{"embeddable":true,"href":"https:\/\/blog.sound-service.eu\/de\/wp-json\/wp\/v2\/media\/16275"}],"wp:attachment":[{"href":"https:\/\/blog.sound-service.eu\/de\/wp-json\/wp\/v2\/media?parent=16298"}],"wp:term":[{"taxonomy":"category","embeddable":true,"href":"https:\/\/blog.sound-service.eu\/de\/wp-json\/wp\/v2\/categories?post=16298"},{"taxonomy":"post_tag","embeddable":true,"href":"https:\/\/blog.sound-service.eu\/de\/wp-json\/wp\/v2\/tags?post=16298"}],"curies":[{"name":"wp","href":"https:\/\/api.w.org\/{rel}","templated":true}]}}