{"id":15953,"date":"2022-02-01T10:02:44","date_gmt":"2022-02-01T09:02:44","guid":{"rendered":"https:\/\/blog.sound-service.eu\/focal-stellt-alpha-80-evo-vor\/"},"modified":"2022-02-01T10:39:41","modified_gmt":"2022-02-01T09:39:41","slug":"focal-stellt-alpha-80-evo-vor","status":"publish","type":"post","link":"https:\/\/blog.sound-service.eu\/de\/focal-stellt-alpha-80-evo-vor\/","title":{"rendered":"Focal stellt Alpha 80 Evo vor!"},"content":{"rendered":"<p>Die franz\u00f6sische Audio-Ikone Focal pr\u00e4sentiert die Profi-Lautsprecher Alpha 80 Evo, Alpha Twin Evo und den Subwoofer Sub One.<\/p>\n<p>Mit neuen Funktionen und Technologien sowie einem frischen Design bietet die Alpha Evo Linie eine konkurrenzlose Leistung in diesem Preissegment und festigt die Position der franz\u00f6sischen Marke als Ma\u00dfstab f\u00fcr professionelle Studios.<\/p>\n<p>Die neuen Alpha 80 Evo und Alpha Twin Evo sind jeweils mit einem 1-Zoll Aluminium-Hocht\u00f6ner mit invertierter Kalotte kombiniert mit einem 8-Zoll (20cm) Woofer ( Alpha 80 Evo ) bzw. 2 x 6.5-Zoll (16.5cm) Woofer ( Alpha Twin Evo ) ausgestattet. Die einzigartige Slatefiber-Membran des Woofers besteht aus recycelten Carbonfasern und wurde in der Focal Zentrale in Frankreich neu entwickelt und wird dort auch produziert.<span class=\"Apple-converted-space\">\u00a0<\/span><\/p>\n<p>Der langerwartete Subwoofer Sub One besticht durch seine intelligente, platzsparende Konstruktion, die eine einfache akustische Integration auch in kleineren R\u00e4umen erm\u00f6glicht. Zwei 8-Zoll (20cm) Woofer mit doppelwandigen Slatefiber-Membranen und langem Hub sorgen f\u00fcr extrem geringe Verzerrungen und pr\u00e4zise Detailwiedergabe auch bei h\u00f6heren Lautst\u00e4rken.<span class=\"Apple-converted-space\">\u00a0 \u00a0<\/span><\/p>\n<p>Mit diesen neuen Produkten stellt der franz\u00f6sische Hersteller einmal mehr seine Klangexpertise unter Beweis und erf\u00fcllt gleichzeitig den Wunsch vieler Anwender nach einem zu den Studiomonitoren der Alpha- und Shape-Serie passenden Subwoofer.<\/p>\n<p><b>ALPHA 80 EVO HAUPTMERKMALE<\/b><\/p>\n<ul>\n<li>Ausgezeichnete Dynamik<\/li>\n<li>Breites Abstrahlverhalten, so dass im gesamten Raum derselbe Klang erreicht wird<\/li>\n<li>Slatefiber-Membran aus recycelten Carbonfasern, hergestellt in Frankreich, sorgen f\u00fcr Klangneutralit\u00e4t und keine Verzerrungen<\/li>\n<li>Identische Klangbalance bei niedriger und hoher Lautst\u00e4rke<\/li>\n<li>Anschluss von bis zu 3 Audioquellen<\/li>\n<li>Eins\u00e4tze f\u00fcr die Wandbefestigung<\/li>\n<li>Inklusive Schutzgitter<\/li>\n<\/ul>\n<p><a class=\"btn btn-default\" href=\"https:\/\/www.sound-service.eu\/de\/artikel\/8286\">PRODUKT ANZEIGEN<\/a><\/p>\n","protected":false},"excerpt":{"rendered":"<p>Die franz\u00f6sische Audio-Ikone Focal pr\u00e4sentiert die Profi-Lautsprecher Alpha 80 Evo, Alpha Twin Evo und den Subwoofer Sub One. Mit neuen [&hellip;]<\/p>\n","protected":false},"author":3,"featured_media":15950,"comment_status":"closed","ping_status":"open","sticky":false,"template":"","format":"standard","meta":[],"categories":[80],"tags":[],"_links":{"self":[{"href":"https:\/\/blog.sound-service.eu\/de\/wp-json\/wp\/v2\/posts\/15953"}],"collection":[{"href":"https:\/\/blog.sound-service.eu\/de\/wp-json\/wp\/v2\/posts"}],"about":[{"href":"https:\/\/blog.sound-service.eu\/de\/wp-json\/wp\/v2\/types\/post"}],"author":[{"embeddable":true,"href":"https:\/\/blog.sound-service.eu\/de\/wp-json\/wp\/v2\/users\/3"}],"replies":[{"embeddable":true,"href":"https:\/\/blog.sound-service.eu\/de\/wp-json\/wp\/v2\/comments?post=15953"}],"version-history":[{"count":2,"href":"https:\/\/blog.sound-service.eu\/de\/wp-json\/wp\/v2\/posts\/15953\/revisions"}],"predecessor-version":[{"id":15976,"href":"https:\/\/blog.sound-service.eu\/de\/wp-json\/wp\/v2\/posts\/15953\/revisions\/15976"}],"wp:featuredmedia":[{"embeddable":true,"href":"https:\/\/blog.sound-service.eu\/de\/wp-json\/wp\/v2\/media\/15950"}],"wp:attachment":[{"href":"https:\/\/blog.sound-service.eu\/de\/wp-json\/wp\/v2\/media?parent=15953"}],"wp:term":[{"taxonomy":"category","embeddable":true,"href":"https:\/\/blog.sound-service.eu\/de\/wp-json\/wp\/v2\/categories?post=15953"},{"taxonomy":"post_tag","embeddable":true,"href":"https:\/\/blog.sound-service.eu\/de\/wp-json\/wp\/v2\/tags?post=15953"}],"curies":[{"name":"wp","href":"https:\/\/api.w.org\/{rel}","templated":true}]}}