{"id":12292,"date":"2019-10-02T13:38:50","date_gmt":"2019-10-02T11:38:50","guid":{"rendered":"http:\/\/blog.sound-service.eu\/focal-clear-professional-trade-up-aktion-oktober-2019\/"},"modified":"2021-01-27T16:03:45","modified_gmt":"2021-01-27T15:03:45","slug":"focal-clear-professional-trade-up-aktion-oktober-2019","status":"publish","type":"post","link":"https:\/\/blog.sound-service.eu\/de\/focal-clear-professional-trade-up-aktion-oktober-2019\/","title":{"rendered":"FOCAL CLEAR PROFESSIONAL Trade-Up Aktion Oktober 2019"},"content":{"rendered":"<p><strong>500,- Euro Rabatt f\u00fcr Focal Clear Professional!<\/strong><\/p>\n<p>Jeder Kunde, der einen intakten Over-Ear Kopfh\u00f6rer bei einem an der Aktion teilnehmenden Focal H\u00e4ndler w\u00e4hrend des Aktionszeitraums ( 1. Oktober 2019 bis 31. Oktober 2019 ) abgibt, ist berechtigt einen Focal Clear Professional mit einem Rabatt von 500,- Euro von unserer unverbindlichen Preisempfehlung laut aktueller Preisliste zu kaufen. Limitiert auf 1 Kopfh\u00f6rer pro Person. Der alte Kopfh\u00f6rer muss bei dem teilnehmenden H\u00e4ndler abgegeben werden um die Berechtigung zu erlangen, einen Clear Professional f\u00fcr den rabattierten Preis zu kaufen. Der teilnehmende H\u00e4ndler muss den Erhalt des alten Kopfh\u00f6rers nachweisen.<\/p>\n<p><strong><a href=\"https:\/\/www.sound-service.eu\/produkt\/focal-clear-professional\/?lang=de\">Focal Clear Professional Produktseite<\/a><\/strong><\/p>\n","protected":false},"excerpt":{"rendered":"<p>500,- Euro Rabatt f\u00fcr Focal Clear Professional! Jeder Kunde, der einen intakten Over-Ear Kopfh\u00f6rer bei einem an der Aktion teilnehmenden [&hellip;]<\/p>\n","protected":false},"author":3,"featured_media":12293,"comment_status":"open","ping_status":"open","sticky":false,"template":"","format":"standard","meta":[],"categories":[80],"tags":[],"_links":{"self":[{"href":"https:\/\/blog.sound-service.eu\/de\/wp-json\/wp\/v2\/posts\/12292"}],"collection":[{"href":"https:\/\/blog.sound-service.eu\/de\/wp-json\/wp\/v2\/posts"}],"about":[{"href":"https:\/\/blog.sound-service.eu\/de\/wp-json\/wp\/v2\/types\/post"}],"author":[{"embeddable":true,"href":"https:\/\/blog.sound-service.eu\/de\/wp-json\/wp\/v2\/users\/3"}],"replies":[{"embeddable":true,"href":"https:\/\/blog.sound-service.eu\/de\/wp-json\/wp\/v2\/comments?post=12292"}],"version-history":[{"count":1,"href":"https:\/\/blog.sound-service.eu\/de\/wp-json\/wp\/v2\/posts\/12292\/revisions"}],"predecessor-version":[{"id":13594,"href":"https:\/\/blog.sound-service.eu\/de\/wp-json\/wp\/v2\/posts\/12292\/revisions\/13594"}],"wp:featuredmedia":[{"embeddable":true,"href":"https:\/\/blog.sound-service.eu\/de\/wp-json\/wp\/v2\/media\/12293"}],"wp:attachment":[{"href":"https:\/\/blog.sound-service.eu\/de\/wp-json\/wp\/v2\/media?parent=12292"}],"wp:term":[{"taxonomy":"category","embeddable":true,"href":"https:\/\/blog.sound-service.eu\/de\/wp-json\/wp\/v2\/categories?post=12292"},{"taxonomy":"post_tag","embeddable":true,"href":"https:\/\/blog.sound-service.eu\/de\/wp-json\/wp\/v2\/tags?post=12292"}],"curies":[{"name":"wp","href":"https:\/\/api.w.org\/{rel}","templated":true}]}}